{"id":38,"date":"2024-10-01T13:34:36","date_gmt":"2024-10-01T16:34:36","guid":{"rendered":"https:\/\/www.comapeacessorios.com.br\/blog\/?p=38"},"modified":"2024-10-01T13:34:39","modified_gmt":"2024-10-01T16:34:39","slug":"a-importancia-das-abracadeiras-em-perfilados-para-instalacoes-seguras","status":"publish","type":"post","link":"https:\/\/www.comapeacessorios.com.br\/blog\/abracadeiras-em-perfilados\/a-importancia-das-abracadeiras-em-perfilados-para-instalacoes-seguras\/","title":{"rendered":"A import\u00e2ncia das abra\u00e7adeiras em perfilados para instala\u00e7\u00f5es seguras"},"content":{"rendered":"<span class=\"span-reading-time rt-reading-time\" style=\"display: block;\"><span class=\"rt-label rt-prefix\">Tempo de leitura<\/span> <span class=\"rt-time\"> 3<\/span> <span class=\"rt-label rt-postfix\">minutos<\/span><\/span>\n<p class=\"has-medium-font-size\"><strong><em>Saiba como as abra\u00e7adeiras em perfilados s\u00e3o fundamentais para garantir a seguran\u00e7a e organiza\u00e7\u00e3o das instala\u00e7\u00f5es el\u00e9tricas.<\/em><\/strong><\/p>\n\n\n\n<p>Ao realizar instala\u00e7\u00f5es el\u00e9tricas e de infraestrutura, a seguran\u00e7a e organiza\u00e7\u00e3o s\u00e3o essenciais. Cada componente deve ser pensado para garantir uma estrutura confi\u00e1vel, e as abra\u00e7adeiras s\u00e3o um desses elementos fundamentais.&nbsp;<\/p>\n\n\n\n<p>Essas pequenas pe\u00e7as s\u00e3o respons\u00e1veis por assegurar a fixa\u00e7\u00e3o adequada de cabos, dutos e outros componentes, especialmente em sistemas com perfilados. Mas o que s\u00e3o essas abra\u00e7adeiras? E por que elas s\u00e3o t\u00e3o importantes?<\/p>\n\n\n\n<p>Nos par\u00e1grafos seguintes, vamos explorar o que s\u00e3o as abra\u00e7adeiras em perfilados, seus benef\u00edcios, principais aplica\u00e7\u00f5es e como escolher o tipo correto para cada instala\u00e7\u00e3o.<\/p>\n\n\n\n<ul class=\"wp-block-list\">\n<li><a href=\"https:\/\/www.comapeacessorios.com.br\/blog\/acessorios-para-perfilados\/principais-acessorios-para-perfilados-e-suas-aplicacoes-em-projetos-de-infraestrutura\/\">Principais acess\u00f3rios para perfilados e suas aplica\u00e7\u00f5es em projetos de infraestrutura<\/a><\/li>\n<\/ul>\n\n\n\n<div id=\"ez-toc-container\" class=\"ez-toc-v2_0_73 counter-hierarchy ez-toc-counter ez-toc-grey ez-toc-container-direction\">\n<div class=\"ez-toc-title-container\">\n<p class=\"ez-toc-title\" style=\"cursor:inherit\">T\u00f3picos do artigo<\/p>\n<span class=\"ez-toc-title-toggle\"><a href=\"#\" class=\"ez-toc-pull-right ez-toc-btn ez-toc-btn-xs ez-toc-btn-default ez-toc-toggle\" aria-label=\"Alternar tabela de conte\u00fado\"><span class=\"ez-toc-js-icon-con\"><span class=\"\"><span class=\"eztoc-hide\" style=\"display:none;\">Toggle<\/span><span class=\"ez-toc-icon-toggle-span\"><svg style=\"fill: #999;color:#999\" xmlns=\"http:\/\/www.w3.org\/2000\/svg\" class=\"list-377408\" width=\"20px\" height=\"20px\" viewBox=\"0 0 24 24\" fill=\"none\"><path d=\"M6 6H4v2h2V6zm14 0H8v2h12V6zM4 11h2v2H4v-2zm16 0H8v2h12v-2zM4 16h2v2H4v-2zm16 0H8v2h12v-2z\" fill=\"currentColor\"><\/path><\/svg><svg style=\"fill: #999;color:#999\" class=\"arrow-unsorted-368013\" xmlns=\"http:\/\/www.w3.org\/2000\/svg\" width=\"10px\" height=\"10px\" viewBox=\"0 0 24 24\" version=\"1.2\" baseProfile=\"tiny\"><path d=\"M18.2 9.3l-6.2-6.3-6.2 6.3c-.2.2-.3.4-.3.7s.1.5.3.7c.2.2.4.3.7.3h11c.3 0 .5-.1.7-.3.2-.2.3-.5.3-.7s-.1-.5-.3-.7zM5.8 14.7l6.2 6.3 6.2-6.3c.2-.2.3-.5.3-.7s-.1-.5-.3-.7c-.2-.2-.4-.3-.7-.3h-11c-.3 0-.5.1-.7.3-.2.2-.3.5-.3.7s.1.5.3.7z\"\/><\/svg><\/span><\/span><\/span><\/a><\/span><\/div>\n<nav><ul class='ez-toc-list ez-toc-list-level-1 ' ><li class='ez-toc-page-1 ez-toc-heading-level-2'><a class=\"ez-toc-link ez-toc-heading-1\" href=\"https:\/\/www.comapeacessorios.com.br\/blog\/abracadeiras-em-perfilados\/a-importancia-das-abracadeiras-em-perfilados-para-instalacoes-seguras\/#O_que_sao_abracadeiras_em_perfilados\" title=\"O que s\u00e3o abra\u00e7adeiras em perfilados?\">O que s\u00e3o abra\u00e7adeiras em perfilados?<\/a><\/li><li class='ez-toc-page-1 ez-toc-heading-level-2'><a class=\"ez-toc-link ez-toc-heading-2\" href=\"https:\/\/www.comapeacessorios.com.br\/blog\/abracadeiras-em-perfilados\/a-importancia-das-abracadeiras-em-perfilados-para-instalacoes-seguras\/#Beneficios_das_abracadeiras_em_perfilados\" title=\"Benef\u00edcios das abra\u00e7adeiras em perfilados\">Benef\u00edcios das abra\u00e7adeiras em perfilados<\/a><\/li><li class='ez-toc-page-1 ez-toc-heading-level-2'><a class=\"ez-toc-link ez-toc-heading-3\" href=\"https:\/\/www.comapeacessorios.com.br\/blog\/abracadeiras-em-perfilados\/a-importancia-das-abracadeiras-em-perfilados-para-instalacoes-seguras\/#Diferentes_aplicacoes_das_abracadeiras_em_perfilados\" title=\"Diferentes aplica\u00e7\u00f5es das abra\u00e7adeiras em perfilados\">Diferentes aplica\u00e7\u00f5es das abra\u00e7adeiras em perfilados<\/a><\/li><li class='ez-toc-page-1 ez-toc-heading-level-2'><a class=\"ez-toc-link ez-toc-heading-4\" href=\"https:\/\/www.comapeacessorios.com.br\/blog\/abracadeiras-em-perfilados\/a-importancia-das-abracadeiras-em-perfilados-para-instalacoes-seguras\/#Como_escolher_a_abracadeira_ideal\" title=\"Como escolher a abra\u00e7adeira ideal\">Como escolher a abra\u00e7adeira ideal<\/a><\/li><li class='ez-toc-page-1 ez-toc-heading-level-2'><a class=\"ez-toc-link ez-toc-heading-5\" href=\"https:\/\/www.comapeacessorios.com.br\/blog\/abracadeiras-em-perfilados\/a-importancia-das-abracadeiras-em-perfilados-para-instalacoes-seguras\/#Conheca_as_abracadeiras_da_Comape\" title=\"Conhe\u00e7a as abra\u00e7adeiras da Comap\u00e9\">Conhe\u00e7a as abra\u00e7adeiras da Comap\u00e9<\/a><\/li><\/ul><\/nav><\/div>\n<h2 class=\"wp-block-heading\"><span class=\"ez-toc-section\" id=\"O_que_sao_abracadeiras_em_perfilados\"><\/span><strong>O que s\u00e3o abra\u00e7adeiras em perfilados?<\/strong><span class=\"ez-toc-section-end\"><\/span><\/h2>\n\n\n<div class=\"wp-block-image\">\n<figure class=\"alignright size-large is-resized\"><img loading=\"lazy\" decoding=\"async\" width=\"1024\" height=\"682\" src=\"https:\/\/www.comapeacessorios.com.br\/blog\/wp-content\/uploads\/2024\/10\/abracadeiras_0001-1024x682.jpeg\" alt=\"\" class=\"wp-image-40\" style=\"width:269px;height:auto\" srcset=\"https:\/\/www.comapeacessorios.com.br\/blog\/wp-content\/uploads\/2024\/10\/abracadeiras_0001-1024x682.jpeg 1024w, https:\/\/www.comapeacessorios.com.br\/blog\/wp-content\/uploads\/2024\/10\/abracadeiras_0001-300x200.jpeg 300w, https:\/\/www.comapeacessorios.com.br\/blog\/wp-content\/uploads\/2024\/10\/abracadeiras_0001-768x512.jpeg 768w, https:\/\/www.comapeacessorios.com.br\/blog\/wp-content\/uploads\/2024\/10\/abracadeiras_0001-1536x1024.jpeg 1536w, https:\/\/www.comapeacessorios.com.br\/blog\/wp-content\/uploads\/2024\/10\/abracadeiras_0001.jpeg 2000w\" sizes=\"auto, (max-width: 1024px) 100vw, 1024px\" \/><\/figure>\n<\/div>\n\n\n<p>As abra\u00e7adeiras em perfilados s\u00e3o dispositivos de fixa\u00e7\u00e3o usados principalmente para manter cabos, tubula\u00e7\u00f5es ou outros elementos firmemente presos a um suporte, como um perfilado met\u00e1lico. Elas garantem que os componentes fiquem no lugar certo, evitando quedas ou desorganiza\u00e7\u00e3o.&nbsp;<\/p>\n\n\n\n<p>Geralmente fabricadas em materiais dur\u00e1veis, como a\u00e7o galvanizado ou inoxid\u00e1vel, elas oferecem resist\u00eancia mec\u00e2nica e prote\u00e7\u00e3o contra corros\u00e3o, fatores essenciais em ambientes expostos a condi\u00e7\u00f5es adversas.<\/p>\n\n\n\n<p>Al\u00e9m de organizarem as fia\u00e7\u00f5es, as abra\u00e7adeiras evitam que os cabos fiquem soltos, o que pode causar desgaste, interrup\u00e7\u00e3o de servi\u00e7os ou at\u00e9 mesmo acidentes graves. Seu uso \u00e9 essencial em instala\u00e7\u00f5es industriais, comerciais e residenciais, sendo uma solu\u00e7\u00e3o vers\u00e1til e eficiente.<\/p>\n\n\n\n<ul class=\"wp-block-list\">\n<li><a href=\"https:\/\/www.comapeacessorios.com.br\/blog\/eletrocalha\/como-a-fabrica-de-eletrocalhas-da-comape-se-destaca-no-mercado\/\">Como a f\u00e1brica de eletrocalhas da COMAPE se destaca no mercado<\/a><\/li>\n<\/ul>\n\n\n\n<h2 class=\"wp-block-heading\"><span class=\"ez-toc-section\" id=\"Beneficios_das_abracadeiras_em_perfilados\"><\/span><strong>Benef\u00edcios das abra\u00e7adeiras em perfilados<\/strong><span class=\"ez-toc-section-end\"><\/span><\/h2>\n\n\n\n<p>As abra\u00e7adeiras trazem diversos benef\u00edcios, que v\u00e3o al\u00e9m de simplesmente segurar cabos. Aqui est\u00e3o os principais:<\/p>\n\n\n\n<ul class=\"wp-block-list\">\n<li><strong>Organiza\u00e7\u00e3o eficiente dos cabos: <\/strong>As abra\u00e7adeiras garantem que os cabos sejam mantidos de forma organizada, o que facilita futuras manuten\u00e7\u00f5es e amplia a durabilidade das instala\u00e7\u00f5es;<br><br><\/li>\n\n\n\n<li><strong>Seguran\u00e7a para a estrutura: <\/strong>Ao evitar que os cabos fiquem soltos ou em contato direto com superf\u00edcies, elas minimizam o risco de curto-circuitos ou acidentes provocados por fios expostos;<br><br><\/li>\n\n\n\n<li><strong>Resist\u00eancia e durabilidade: <\/strong>Por serem feitas de materiais resistentes, como a\u00e7o inox, as abra\u00e7adeiras suportam condi\u00e7\u00f5es extremas, como varia\u00e7\u00f5es de temperatura, umidade e vibra\u00e7\u00f5es constantes, garantindo seguran\u00e7a por longos per\u00edodos;<br><br><\/li>\n\n\n\n<li><strong>Facilidade na instala\u00e7\u00e3o: <\/strong>As abra\u00e7adeiras s\u00e3o de f\u00e1cil manuseio e instala\u00e7\u00e3o, o que agiliza o processo de montagem, economizando tempo e recursos.<\/li>\n<\/ul>\n\n\n\n<h2 class=\"wp-block-heading\"><span class=\"ez-toc-section\" id=\"Diferentes_aplicacoes_das_abracadeiras_em_perfilados\"><\/span><strong>Diferentes aplica\u00e7\u00f5es das abra\u00e7adeiras em perfilados<\/strong><span class=\"ez-toc-section-end\"><\/span><\/h2>\n\n\n\n<p>As abra\u00e7adeiras em perfilados t\u00eam diversas aplica\u00e7\u00f5es em diferentes tipos de instala\u00e7\u00f5es, como na constru\u00e7\u00e3o civil, telecomunica\u00e7\u00f5es, infraestrutura el\u00e9trica e industrial.<\/p>\n\n\n\n<p>Em<strong> instala\u00e7\u00f5es el\u00e9tricas<\/strong>, elas mant\u00eam os cabos organizados e presos aos perfilados, evitando que fiquem soltos e reduzindo o risco de desgaste e curto-circuitos.<\/p>\n\n\n\n<p>No <strong>setor de telecomunica\u00e7\u00f5es<\/strong>, as abra\u00e7adeiras garantem a organiza\u00e7\u00e3o dos cabos, evitando interfer\u00eancias e mantendo a estabilidade da rede.&nbsp;<\/p>\n\n\n\n<p>J\u00e1 em <strong>ambientes industriais<\/strong>, elas resistem a condi\u00e7\u00f5es adversas, protegendo dutos e cabos em locais com altas temperaturas ou produtos qu\u00edmicos.<\/p>\n\n\n\n<p>Al\u00e9m disso, as abra\u00e7adeiras s\u00e3o utilizadas em <strong>sistemas de ventila\u00e7\u00e3o e tubula\u00e7\u00e3o<\/strong>, fixando dutos de ar e tubula\u00e7\u00f5es hidr\u00e1ulicas, proporcionando maior estabilidade e seguran\u00e7a \u00e0s estruturas.<\/p>\n\n\n\n<ul class=\"wp-block-list\">\n<li><a href=\"https:\/\/www.comapeacessorios.com.br\/blog\/perfilado\/fabrica-de-perfilados-em-sao-paulo-conheca-a-comape-acessorios\/\">F\u00e1brica de perfilados em S\u00e3o Paulo: conhe\u00e7a a Comape Acess\u00f3rios<\/a><\/li>\n<\/ul>\n\n\n\n<h2 class=\"wp-block-heading\"><span class=\"ez-toc-section\" id=\"Como_escolher_a_abracadeira_ideal\"><\/span><strong>Como escolher a abra\u00e7adeira ideal<\/strong><span class=\"ez-toc-section-end\"><\/span><\/h2>\n\n\n\n<p>Ao selecionar abra\u00e7adeiras para suas instala\u00e7\u00f5es, \u00e9 importante considerar alguns fatores para garantir a escolha certa:<\/p>\n\n\n\n<ul class=\"wp-block-list\">\n<li><strong>\u00a0Material: <\/strong>Dependendo do ambiente, \u00e9 necess\u00e1rio escolher abra\u00e7adeiras feitas de materiais mais resistentes, como a\u00e7o galvanizado ou inox, que suportam corros\u00e3o e altas temperaturas;<br><br><\/li>\n\n\n\n<li><strong>\u00a0Tamanho: <\/strong>O tamanho da abra\u00e7adeira deve ser compat\u00edvel com a quantidade de cabos ou o di\u00e2metro da tubula\u00e7\u00e3o a ser presa. Existem diversas medidas, ent\u00e3o \u00e9 importante verificar a especifica\u00e7\u00e3o correta para a aplica\u00e7\u00e3o;<br><br><\/li>\n\n\n\n<li><strong>\u00a0Flexibilidade: <\/strong>Alguns modelos de abra\u00e7adeiras oferecem maior flexibilidade, o que \u00e9 ideal para instala\u00e7\u00f5es em locais com movimento ou vibra\u00e7\u00e3o constante;<br><br><\/li>\n\n\n\n<li><strong>Capacidade de carga: <\/strong>Verifique a capacidade de carga que a abra\u00e7adeira suporta. Isso \u00e9 especialmente importante em instala\u00e7\u00f5es pesadas, onde a estrutura precisa suportar grandes quantidades de cabos ou tubula\u00e7\u00f5es.<\/li>\n<\/ul>\n\n\n\n<h2 class=\"wp-block-heading\"><span class=\"ez-toc-section\" id=\"Conheca_as_abracadeiras_da_Comape\"><\/span><strong>Conhe\u00e7a as abra\u00e7adeiras da Comap\u00e9<\/strong><span class=\"ez-toc-section-end\"><\/span><\/h2>\n\n\n\n<p>Se voc\u00ea est\u00e1 buscando por abra\u00e7adeiras de alta qualidade para suas instala\u00e7\u00f5es, a Comap\u00e9 oferece solu\u00e7\u00f5es robustas e confi\u00e1veis.<\/p>\n\n\n\n<p>&nbsp;Com uma ampla variedade de produtos, a Comap\u00e9 possui modelos adequados para diferentes tipos de instala\u00e7\u00f5es e necessidades.&nbsp;<\/p>\n\n\n\n<p>Suas abra\u00e7adeiras s\u00e3o desenvolvidas com materiais de alta durabilidade e seguem os mais rigorosos padr\u00f5es de seguran\u00e7a.<\/p>\n\n\n\n<p>Quer saber mais sobre como melhorar suas instala\u00e7\u00f5es? <a href=\"https:\/\/www.comapeacessorios.com.br\/contato\">Entre em contato<\/a> com a Comap\u00e9 e descubra a linha completa de abra\u00e7adeiras para perfilados. Seguran\u00e7a, efici\u00eancia e qualidade ao seu alcance.<\/p>\n","protected":false},"excerpt":{"rendered":"<p><span class=\"span-reading-time rt-reading-time\" style=\"display: block;\"><span class=\"rt-label rt-prefix\">Tempo de leitura<\/span> <span class=\"rt-time\"> 3<\/span> <span class=\"rt-label rt-postfix\">minutos<\/span><\/span>Saiba como as abra\u00e7adeiras em perfilados s\u00e3o fundamentais para garantir a seguran\u00e7a e organiza\u00e7\u00e3o das instala\u00e7\u00f5es el\u00e9tricas. Ao realizar instala\u00e7\u00f5es el\u00e9tricas e de infraestrutura, a seguran\u00e7a e organiza\u00e7\u00e3o s\u00e3o essenciais. Cada componente deve ser pensado para garantir uma estrutura confi\u00e1vel,&#8230;<\/p>\n","protected":false},"author":1,"featured_media":39,"comment_status":"open","ping_status":"open","sticky":false,"template":"","format":"standard","meta":{"footnotes":""},"categories":[130,105],"tags":[136,140,134,150,158,153,154,157,155,152,156,131,144,148,145,146,138,142,133,143,132,108,149,139,147,98,135,141,137,151],"class_list":["post-38","post","type-post","status-publish","format-standard","has-post-thumbnail","hentry","category-abracadeiras-em-perfilados","category-acessorios-para-perfilados","tag-abracadeiras-de-aco-inox","tag-abracadeiras-de-alta-resistencia","tag-abracadeiras-em-perfilados","tag-abracadeiras-em-perfilados-em-cumbica","tag-abracadeiras-em-perfilados-em-itaquaquecetuba","tag-abracadeiras-em-perfilados-em-sao-paulo","tag-abracadeiras-em-perfilados-em-sp","tag-abracadeiras-em-perfilados-no-itaim-paulista","tag-abracadeiras-em-perfilados-perto-de-mim","tag-abracadeiras-em-perfilados-preco","tag-abracadeiras-em-perfilados-proximo-a-mim","tag-beneficios-das-abracadeiras","tag-comprar-abracadeiras-em-perfilados","tag-empresa-de-abracadeiras-em-perfilados","tag-fabrica-de-abracadeiras-em-perfilados","tag-fabricante-de-abracadeiras-em-perfilados","tag-ferramentas-para-telecomunicacoes","tag-fixacao-de-dutos","tag-fixacao-em-perfilados","tag-instalacao-de-tubulacoes","tag-instalacao-segura-com-abracadeiras","tag-instalacoes-eletricas-seguras","tag-loja-de-abracadeiras-em-perfilados","tag-manutencao-de-cabos","tag-onde-encontrar-abracadeiras-em-perfilados","tag-organizacao-de-cabos","tag-perfilado-metalico","tag-produtos-comape","tag-produtos-para-instalacoes-industriais","tag-servico-de-abracadeiras-em-perfilados"],"yoast_head":"<!-- This site is optimized with the Yoast SEO plugin v24.6 - https:\/\/yoast.com\/wordpress\/plugins\/seo\/ -->\n<title>A import\u00e2ncia das abra\u00e7adeiras em perfilados para instala\u00e7\u00f5es seguras - Blog Comape Acess\u00f3rios<\/title>\n<meta name=\"description\" content=\"Saiba como as abra\u00e7adeiras em perfilados s\u00e3o fundamentais para garantir a seguran\u00e7a e organiza\u00e7\u00e3o das instala\u00e7\u00f5es el\u00e9tricas.\" \/>\n<meta name=\"robots\" content=\"index, follow, max-snippet:-1, max-image-preview:large, max-video-preview:-1\" \/>\n<link rel=\"canonical\" href=\"https:\/\/www.comapeacessorios.com.br\/blog\/abracadeiras-em-perfilados\/a-importancia-das-abracadeiras-em-perfilados-para-instalacoes-seguras\/\" \/>\n<meta property=\"og:locale\" content=\"pt_BR\" \/>\n<meta property=\"og:type\" content=\"article\" \/>\n<meta property=\"og:title\" content=\"A import\u00e2ncia das abra\u00e7adeiras em perfilados para instala\u00e7\u00f5es seguras - Blog Comape Acess\u00f3rios\" \/>\n<meta property=\"og:description\" content=\"Saiba como as abra\u00e7adeiras em perfilados s\u00e3o fundamentais para garantir a seguran\u00e7a e organiza\u00e7\u00e3o das instala\u00e7\u00f5es el\u00e9tricas.\" \/>\n<meta property=\"og:url\" content=\"https:\/\/www.comapeacessorios.com.br\/blog\/abracadeiras-em-perfilados\/a-importancia-das-abracadeiras-em-perfilados-para-instalacoes-seguras\/\" \/>\n<meta property=\"og:site_name\" content=\"Blog Comape Acess\u00f3rios\" \/>\n<meta property=\"article:published_time\" content=\"2024-10-01T16:34:36+00:00\" \/>\n<meta property=\"article:modified_time\" content=\"2024-10-01T16:34:39+00:00\" \/>\n<meta property=\"og:image\" content=\"https:\/\/www.comapeacessorios.com.br\/blog\/wp-content\/uploads\/2024\/10\/abracadeiras_0002.jpeg\" \/>\n\t<meta property=\"og:image:width\" content=\"2000\" \/>\n\t<meta property=\"og:image:height\" content=\"1334\" \/>\n\t<meta property=\"og:image:type\" content=\"image\/jpeg\" \/>\n<meta name=\"author\" content=\"admin\" \/>\n<meta name=\"twitter:card\" content=\"summary_large_image\" \/>\n<meta name=\"twitter:label1\" content=\"Escrito por\" \/>\n\t<meta name=\"twitter:data1\" content=\"admin\" \/>\n\t<meta name=\"twitter:label2\" content=\"Est. tempo de leitura\" \/>\n\t<meta name=\"twitter:data2\" content=\"5 minutos\" \/>\n<script type=\"application\/ld+json\" class=\"yoast-schema-graph\">{\"@context\":\"https:\/\/schema.org\",\"@graph\":[{\"@type\":\"Article\",\"@id\":\"https:\/\/www.comapeacessorios.com.br\/blog\/abracadeiras-em-perfilados\/a-importancia-das-abracadeiras-em-perfilados-para-instalacoes-seguras\/#article\",\"isPartOf\":{\"@id\":\"https:\/\/www.comapeacessorios.com.br\/blog\/abracadeiras-em-perfilados\/a-importancia-das-abracadeiras-em-perfilados-para-instalacoes-seguras\/\"},\"author\":{\"name\":\"admin\",\"@id\":\"https:\/\/www.comapeacessorios.com.br\/blog\/#\/schema\/person\/0d22a165a8a6271e61999c10793b91e7\"},\"headline\":\"A import\u00e2ncia das abra\u00e7adeiras em perfilados para instala\u00e7\u00f5es seguras\",\"datePublished\":\"2024-10-01T16:34:36+00:00\",\"dateModified\":\"2024-10-01T16:34:39+00:00\",\"mainEntityOfPage\":{\"@id\":\"https:\/\/www.comapeacessorios.com.br\/blog\/abracadeiras-em-perfilados\/a-importancia-das-abracadeiras-em-perfilados-para-instalacoes-seguras\/\"},\"wordCount\":873,\"commentCount\":0,\"publisher\":{\"@id\":\"https:\/\/www.comapeacessorios.com.br\/blog\/#organization\"},\"image\":{\"@id\":\"https:\/\/www.comapeacessorios.com.br\/blog\/abracadeiras-em-perfilados\/a-importancia-das-abracadeiras-em-perfilados-para-instalacoes-seguras\/#primaryimage\"},\"thumbnailUrl\":\"https:\/\/www.comapeacessorios.com.br\/blog\/wp-content\/uploads\/2024\/10\/abracadeiras_0002.jpeg\",\"keywords\":[\"Abra\u00e7adeiras de a\u00e7o inox\",\"Abra\u00e7adeiras de alta resist\u00eancia\",\"Abra\u00e7adeiras em perfilados\",\"abra\u00e7adeiras em perfilados em Cumbica\",\"abra\u00e7adeiras em perfilados em Itaquaquecetuba\",\"abra\u00e7adeiras em perfilados em s\u00e3o paulo\",\"abra\u00e7adeiras em perfilados em sp\",\"abra\u00e7adeiras em perfilados no Itaim Paulista\",\"abra\u00e7adeiras em perfilados perto de mim\",\"abra\u00e7adeiras em perfilados pre\u00e7o\",\"abra\u00e7adeiras em perfilados pr\u00f3ximo a mim\",\"Benef\u00edcios das abra\u00e7adeiras\",\"comprar abra\u00e7adeiras em perfilados\",\"empresa de abra\u00e7adeiras em perfilados\",\"f\u00e1brica de abra\u00e7adeiras em perfilados\",\"fabricante de abra\u00e7adeiras em perfilados\",\"Ferramentas para telecomunica\u00e7\u00f5es\",\"Fixa\u00e7\u00e3o de dutos\",\"Fixa\u00e7\u00e3o em perfilados\",\"Instala\u00e7\u00e3o de tubula\u00e7\u00f5es\",\"Instala\u00e7\u00e3o segura com abra\u00e7adeiras\",\"Instala\u00e7\u00f5es el\u00e9tricas seguras\",\"loja de abra\u00e7adeiras em perfilados\",\"Manuten\u00e7\u00e3o de cabos\",\"onde encontrar abra\u00e7adeiras em perfilados\",\"organiza\u00e7\u00e3o de cabos\",\"Perfilado met\u00e1lico\",\"Produtos Comap\u00e9\",\"Produtos para instala\u00e7\u00f5es industriais\",\"servi\u00e7o de abra\u00e7adeiras em perfilados\"],\"articleSection\":[\"Abra\u00e7adeiras em perfilados\",\"Acess\u00f3rios para perfilados\"],\"inLanguage\":\"pt-BR\",\"potentialAction\":[{\"@type\":\"CommentAction\",\"name\":\"Comment\",\"target\":[\"https:\/\/www.comapeacessorios.com.br\/blog\/abracadeiras-em-perfilados\/a-importancia-das-abracadeiras-em-perfilados-para-instalacoes-seguras\/#respond\"]}]},{\"@type\":\"WebPage\",\"@id\":\"https:\/\/www.comapeacessorios.com.br\/blog\/abracadeiras-em-perfilados\/a-importancia-das-abracadeiras-em-perfilados-para-instalacoes-seguras\/\",\"url\":\"https:\/\/www.comapeacessorios.com.br\/blog\/abracadeiras-em-perfilados\/a-importancia-das-abracadeiras-em-perfilados-para-instalacoes-seguras\/\",\"name\":\"A import\u00e2ncia das abra\u00e7adeiras em perfilados para instala\u00e7\u00f5es seguras - Blog Comape Acess\u00f3rios\",\"isPartOf\":{\"@id\":\"https:\/\/www.comapeacessorios.com.br\/blog\/#website\"},\"primaryImageOfPage\":{\"@id\":\"https:\/\/www.comapeacessorios.com.br\/blog\/abracadeiras-em-perfilados\/a-importancia-das-abracadeiras-em-perfilados-para-instalacoes-seguras\/#primaryimage\"},\"image\":{\"@id\":\"https:\/\/www.comapeacessorios.com.br\/blog\/abracadeiras-em-perfilados\/a-importancia-das-abracadeiras-em-perfilados-para-instalacoes-seguras\/#primaryimage\"},\"thumbnailUrl\":\"https:\/\/www.comapeacessorios.com.br\/blog\/wp-content\/uploads\/2024\/10\/abracadeiras_0002.jpeg\",\"datePublished\":\"2024-10-01T16:34:36+00:00\",\"dateModified\":\"2024-10-01T16:34:39+00:00\",\"description\":\"Saiba como as abra\u00e7adeiras em perfilados s\u00e3o fundamentais para garantir a seguran\u00e7a e organiza\u00e7\u00e3o das instala\u00e7\u00f5es el\u00e9tricas.\",\"breadcrumb\":{\"@id\":\"https:\/\/www.comapeacessorios.com.br\/blog\/abracadeiras-em-perfilados\/a-importancia-das-abracadeiras-em-perfilados-para-instalacoes-seguras\/#breadcrumb\"},\"inLanguage\":\"pt-BR\",\"potentialAction\":[{\"@type\":\"ReadAction\",\"target\":[\"https:\/\/www.comapeacessorios.com.br\/blog\/abracadeiras-em-perfilados\/a-importancia-das-abracadeiras-em-perfilados-para-instalacoes-seguras\/\"]}]},{\"@type\":\"ImageObject\",\"inLanguage\":\"pt-BR\",\"@id\":\"https:\/\/www.comapeacessorios.com.br\/blog\/abracadeiras-em-perfilados\/a-importancia-das-abracadeiras-em-perfilados-para-instalacoes-seguras\/#primaryimage\",\"url\":\"https:\/\/www.comapeacessorios.com.br\/blog\/wp-content\/uploads\/2024\/10\/abracadeiras_0002.jpeg\",\"contentUrl\":\"https:\/\/www.comapeacessorios.com.br\/blog\/wp-content\/uploads\/2024\/10\/abracadeiras_0002.jpeg\",\"width\":2000,\"height\":1334,\"caption\":\"A import\u00e2ncia das abra\u00e7adeiras em perfilados para instala\u00e7\u00f5es seguras\"},{\"@type\":\"BreadcrumbList\",\"@id\":\"https:\/\/www.comapeacessorios.com.br\/blog\/abracadeiras-em-perfilados\/a-importancia-das-abracadeiras-em-perfilados-para-instalacoes-seguras\/#breadcrumb\",\"itemListElement\":[{\"@type\":\"ListItem\",\"position\":1,\"name\":\"In\u00edcio\",\"item\":\"https:\/\/www.comapeacessorios.com.br\/blog\/\"},{\"@type\":\"ListItem\",\"position\":2,\"name\":\"A import\u00e2ncia das abra\u00e7adeiras em perfilados para instala\u00e7\u00f5es seguras\"}]},{\"@type\":\"WebSite\",\"@id\":\"https:\/\/www.comapeacessorios.com.br\/blog\/#website\",\"url\":\"https:\/\/www.comapeacessorios.com.br\/blog\/\",\"name\":\"Blog Comape Acess\u00f3rios\",\"description\":\"Comape Acess\u00f3rios\",\"publisher\":{\"@id\":\"https:\/\/www.comapeacessorios.com.br\/blog\/#organization\"},\"potentialAction\":[{\"@type\":\"SearchAction\",\"target\":{\"@type\":\"EntryPoint\",\"urlTemplate\":\"https:\/\/www.comapeacessorios.com.br\/blog\/?s={search_term_string}\"},\"query-input\":{\"@type\":\"PropertyValueSpecification\",\"valueRequired\":true,\"valueName\":\"search_term_string\"}}],\"inLanguage\":\"pt-BR\"},{\"@type\":\"Organization\",\"@id\":\"https:\/\/www.comapeacessorios.com.br\/blog\/#organization\",\"name\":\"Blog Comape Acess\u00f3rios\",\"url\":\"https:\/\/www.comapeacessorios.com.br\/blog\/\",\"logo\":{\"@type\":\"ImageObject\",\"inLanguage\":\"pt-BR\",\"@id\":\"https:\/\/www.comapeacessorios.com.br\/blog\/#\/schema\/logo\/image\/\",\"url\":\"https:\/\/www.comapeacessorios.com.br\/blog\/wp-content\/uploads\/2024\/07\/logo-5.png\",\"contentUrl\":\"https:\/\/www.comapeacessorios.com.br\/blog\/wp-content\/uploads\/2024\/07\/logo-5.png\",\"width\":744,\"height\":335,\"caption\":\"Blog Comape Acess\u00f3rios\"},\"image\":{\"@id\":\"https:\/\/www.comapeacessorios.com.br\/blog\/#\/schema\/logo\/image\/\"}},{\"@type\":\"Person\",\"@id\":\"https:\/\/www.comapeacessorios.com.br\/blog\/#\/schema\/person\/0d22a165a8a6271e61999c10793b91e7\",\"name\":\"admin\",\"image\":{\"@type\":\"ImageObject\",\"inLanguage\":\"pt-BR\",\"@id\":\"https:\/\/www.comapeacessorios.com.br\/blog\/#\/schema\/person\/image\/\",\"url\":\"https:\/\/secure.gravatar.com\/avatar\/ac9557ba9d4c9d6a13579e7d8e52971a8505c7a89c69d895adfa73374e3a77b3?s=96&d=mm&r=g\",\"contentUrl\":\"https:\/\/secure.gravatar.com\/avatar\/ac9557ba9d4c9d6a13579e7d8e52971a8505c7a89c69d895adfa73374e3a77b3?s=96&d=mm&r=g\",\"caption\":\"admin\"},\"sameAs\":[\"https:\/\/www.comapeacessorios.com.br\/blog\"],\"url\":\"https:\/\/www.comapeacessorios.com.br\/blog\/author\/admin\/\"}]}<\/script>\n<!-- \/ Yoast SEO plugin. -->","yoast_head_json":{"title":"A import\u00e2ncia das abra\u00e7adeiras em perfilados para instala\u00e7\u00f5es seguras - Blog Comape Acess\u00f3rios","description":"Saiba como as abra\u00e7adeiras em perfilados s\u00e3o fundamentais para garantir a seguran\u00e7a e organiza\u00e7\u00e3o das instala\u00e7\u00f5es el\u00e9tricas.","robots":{"index":"index","follow":"follow","max-snippet":"max-snippet:-1","max-image-preview":"max-image-preview:large","max-video-preview":"max-video-preview:-1"},"canonical":"https:\/\/www.comapeacessorios.com.br\/blog\/abracadeiras-em-perfilados\/a-importancia-das-abracadeiras-em-perfilados-para-instalacoes-seguras\/","og_locale":"pt_BR","og_type":"article","og_title":"A import\u00e2ncia das abra\u00e7adeiras em perfilados para instala\u00e7\u00f5es seguras - Blog Comape Acess\u00f3rios","og_description":"Saiba como as abra\u00e7adeiras em perfilados s\u00e3o fundamentais para garantir a seguran\u00e7a e organiza\u00e7\u00e3o das instala\u00e7\u00f5es el\u00e9tricas.","og_url":"https:\/\/www.comapeacessorios.com.br\/blog\/abracadeiras-em-perfilados\/a-importancia-das-abracadeiras-em-perfilados-para-instalacoes-seguras\/","og_site_name":"Blog Comape Acess\u00f3rios","article_published_time":"2024-10-01T16:34:36+00:00","article_modified_time":"2024-10-01T16:34:39+00:00","og_image":[{"width":2000,"height":1334,"url":"https:\/\/www.comapeacessorios.com.br\/blog\/wp-content\/uploads\/2024\/10\/abracadeiras_0002.jpeg","type":"image\/jpeg"}],"author":"admin","twitter_card":"summary_large_image","twitter_misc":{"Escrito por":"admin","Est. tempo de leitura":"5 minutos"},"schema":{"@context":"https:\/\/schema.org","@graph":[{"@type":"Article","@id":"https:\/\/www.comapeacessorios.com.br\/blog\/abracadeiras-em-perfilados\/a-importancia-das-abracadeiras-em-perfilados-para-instalacoes-seguras\/#article","isPartOf":{"@id":"https:\/\/www.comapeacessorios.com.br\/blog\/abracadeiras-em-perfilados\/a-importancia-das-abracadeiras-em-perfilados-para-instalacoes-seguras\/"},"author":{"name":"admin","@id":"https:\/\/www.comapeacessorios.com.br\/blog\/#\/schema\/person\/0d22a165a8a6271e61999c10793b91e7"},"headline":"A import\u00e2ncia das abra\u00e7adeiras em perfilados para instala\u00e7\u00f5es seguras","datePublished":"2024-10-01T16:34:36+00:00","dateModified":"2024-10-01T16:34:39+00:00","mainEntityOfPage":{"@id":"https:\/\/www.comapeacessorios.com.br\/blog\/abracadeiras-em-perfilados\/a-importancia-das-abracadeiras-em-perfilados-para-instalacoes-seguras\/"},"wordCount":873,"commentCount":0,"publisher":{"@id":"https:\/\/www.comapeacessorios.com.br\/blog\/#organization"},"image":{"@id":"https:\/\/www.comapeacessorios.com.br\/blog\/abracadeiras-em-perfilados\/a-importancia-das-abracadeiras-em-perfilados-para-instalacoes-seguras\/#primaryimage"},"thumbnailUrl":"https:\/\/www.comapeacessorios.com.br\/blog\/wp-content\/uploads\/2024\/10\/abracadeiras_0002.jpeg","keywords":["Abra\u00e7adeiras de a\u00e7o inox","Abra\u00e7adeiras de alta resist\u00eancia","Abra\u00e7adeiras em perfilados","abra\u00e7adeiras em perfilados em Cumbica","abra\u00e7adeiras em perfilados em Itaquaquecetuba","abra\u00e7adeiras em perfilados em s\u00e3o paulo","abra\u00e7adeiras em perfilados em sp","abra\u00e7adeiras em perfilados no Itaim Paulista","abra\u00e7adeiras em perfilados perto de mim","abra\u00e7adeiras em perfilados pre\u00e7o","abra\u00e7adeiras em perfilados pr\u00f3ximo a mim","Benef\u00edcios das abra\u00e7adeiras","comprar abra\u00e7adeiras em perfilados","empresa de abra\u00e7adeiras em perfilados","f\u00e1brica de abra\u00e7adeiras em perfilados","fabricante de abra\u00e7adeiras em perfilados","Ferramentas para telecomunica\u00e7\u00f5es","Fixa\u00e7\u00e3o de dutos","Fixa\u00e7\u00e3o em perfilados","Instala\u00e7\u00e3o de tubula\u00e7\u00f5es","Instala\u00e7\u00e3o segura com abra\u00e7adeiras","Instala\u00e7\u00f5es el\u00e9tricas seguras","loja de abra\u00e7adeiras em perfilados","Manuten\u00e7\u00e3o de cabos","onde encontrar abra\u00e7adeiras em perfilados","organiza\u00e7\u00e3o de cabos","Perfilado met\u00e1lico","Produtos Comap\u00e9","Produtos para instala\u00e7\u00f5es industriais","servi\u00e7o de abra\u00e7adeiras em perfilados"],"articleSection":["Abra\u00e7adeiras em perfilados","Acess\u00f3rios para perfilados"],"inLanguage":"pt-BR","potentialAction":[{"@type":"CommentAction","name":"Comment","target":["https:\/\/www.comapeacessorios.com.br\/blog\/abracadeiras-em-perfilados\/a-importancia-das-abracadeiras-em-perfilados-para-instalacoes-seguras\/#respond"]}]},{"@type":"WebPage","@id":"https:\/\/www.comapeacessorios.com.br\/blog\/abracadeiras-em-perfilados\/a-importancia-das-abracadeiras-em-perfilados-para-instalacoes-seguras\/","url":"https:\/\/www.comapeacessorios.com.br\/blog\/abracadeiras-em-perfilados\/a-importancia-das-abracadeiras-em-perfilados-para-instalacoes-seguras\/","name":"A import\u00e2ncia das abra\u00e7adeiras em perfilados para instala\u00e7\u00f5es seguras - Blog Comape Acess\u00f3rios","isPartOf":{"@id":"https:\/\/www.comapeacessorios.com.br\/blog\/#website"},"primaryImageOfPage":{"@id":"https:\/\/www.comapeacessorios.com.br\/blog\/abracadeiras-em-perfilados\/a-importancia-das-abracadeiras-em-perfilados-para-instalacoes-seguras\/#primaryimage"},"image":{"@id":"https:\/\/www.comapeacessorios.com.br\/blog\/abracadeiras-em-perfilados\/a-importancia-das-abracadeiras-em-perfilados-para-instalacoes-seguras\/#primaryimage"},"thumbnailUrl":"https:\/\/www.comapeacessorios.com.br\/blog\/wp-content\/uploads\/2024\/10\/abracadeiras_0002.jpeg","datePublished":"2024-10-01T16:34:36+00:00","dateModified":"2024-10-01T16:34:39+00:00","description":"Saiba como as abra\u00e7adeiras em perfilados s\u00e3o fundamentais para garantir a seguran\u00e7a e organiza\u00e7\u00e3o das instala\u00e7\u00f5es el\u00e9tricas.","breadcrumb":{"@id":"https:\/\/www.comapeacessorios.com.br\/blog\/abracadeiras-em-perfilados\/a-importancia-das-abracadeiras-em-perfilados-para-instalacoes-seguras\/#breadcrumb"},"inLanguage":"pt-BR","potentialAction":[{"@type":"ReadAction","target":["https:\/\/www.comapeacessorios.com.br\/blog\/abracadeiras-em-perfilados\/a-importancia-das-abracadeiras-em-perfilados-para-instalacoes-seguras\/"]}]},{"@type":"ImageObject","inLanguage":"pt-BR","@id":"https:\/\/www.comapeacessorios.com.br\/blog\/abracadeiras-em-perfilados\/a-importancia-das-abracadeiras-em-perfilados-para-instalacoes-seguras\/#primaryimage","url":"https:\/\/www.comapeacessorios.com.br\/blog\/wp-content\/uploads\/2024\/10\/abracadeiras_0002.jpeg","contentUrl":"https:\/\/www.comapeacessorios.com.br\/blog\/wp-content\/uploads\/2024\/10\/abracadeiras_0002.jpeg","width":2000,"height":1334,"caption":"A import\u00e2ncia das abra\u00e7adeiras em perfilados para instala\u00e7\u00f5es seguras"},{"@type":"BreadcrumbList","@id":"https:\/\/www.comapeacessorios.com.br\/blog\/abracadeiras-em-perfilados\/a-importancia-das-abracadeiras-em-perfilados-para-instalacoes-seguras\/#breadcrumb","itemListElement":[{"@type":"ListItem","position":1,"name":"In\u00edcio","item":"https:\/\/www.comapeacessorios.com.br\/blog\/"},{"@type":"ListItem","position":2,"name":"A import\u00e2ncia das abra\u00e7adeiras em perfilados para instala\u00e7\u00f5es seguras"}]},{"@type":"WebSite","@id":"https:\/\/www.comapeacessorios.com.br\/blog\/#website","url":"https:\/\/www.comapeacessorios.com.br\/blog\/","name":"Blog Comape Acess\u00f3rios","description":"Comape Acess\u00f3rios","publisher":{"@id":"https:\/\/www.comapeacessorios.com.br\/blog\/#organization"},"potentialAction":[{"@type":"SearchAction","target":{"@type":"EntryPoint","urlTemplate":"https:\/\/www.comapeacessorios.com.br\/blog\/?s={search_term_string}"},"query-input":{"@type":"PropertyValueSpecification","valueRequired":true,"valueName":"search_term_string"}}],"inLanguage":"pt-BR"},{"@type":"Organization","@id":"https:\/\/www.comapeacessorios.com.br\/blog\/#organization","name":"Blog Comape Acess\u00f3rios","url":"https:\/\/www.comapeacessorios.com.br\/blog\/","logo":{"@type":"ImageObject","inLanguage":"pt-BR","@id":"https:\/\/www.comapeacessorios.com.br\/blog\/#\/schema\/logo\/image\/","url":"https:\/\/www.comapeacessorios.com.br\/blog\/wp-content\/uploads\/2024\/07\/logo-5.png","contentUrl":"https:\/\/www.comapeacessorios.com.br\/blog\/wp-content\/uploads\/2024\/07\/logo-5.png","width":744,"height":335,"caption":"Blog Comape Acess\u00f3rios"},"image":{"@id":"https:\/\/www.comapeacessorios.com.br\/blog\/#\/schema\/logo\/image\/"}},{"@type":"Person","@id":"https:\/\/www.comapeacessorios.com.br\/blog\/#\/schema\/person\/0d22a165a8a6271e61999c10793b91e7","name":"admin","image":{"@type":"ImageObject","inLanguage":"pt-BR","@id":"https:\/\/www.comapeacessorios.com.br\/blog\/#\/schema\/person\/image\/","url":"https:\/\/secure.gravatar.com\/avatar\/ac9557ba9d4c9d6a13579e7d8e52971a8505c7a89c69d895adfa73374e3a77b3?s=96&d=mm&r=g","contentUrl":"https:\/\/secure.gravatar.com\/avatar\/ac9557ba9d4c9d6a13579e7d8e52971a8505c7a89c69d895adfa73374e3a77b3?s=96&d=mm&r=g","caption":"admin"},"sameAs":["https:\/\/www.comapeacessorios.com.br\/blog"],"url":"https:\/\/www.comapeacessorios.com.br\/blog\/author\/admin\/"}]}},"_links":{"self":[{"href":"https:\/\/www.comapeacessorios.com.br\/blog\/wp-json\/wp\/v2\/posts\/38","targetHints":{"allow":["GET"]}}],"collection":[{"href":"https:\/\/www.comapeacessorios.com.br\/blog\/wp-json\/wp\/v2\/posts"}],"about":[{"href":"https:\/\/www.comapeacessorios.com.br\/blog\/wp-json\/wp\/v2\/types\/post"}],"author":[{"embeddable":true,"href":"https:\/\/www.comapeacessorios.com.br\/blog\/wp-json\/wp\/v2\/users\/1"}],"replies":[{"embeddable":true,"href":"https:\/\/www.comapeacessorios.com.br\/blog\/wp-json\/wp\/v2\/comments?post=38"}],"version-history":[{"count":1,"href":"https:\/\/www.comapeacessorios.com.br\/blog\/wp-json\/wp\/v2\/posts\/38\/revisions"}],"predecessor-version":[{"id":41,"href":"https:\/\/www.comapeacessorios.com.br\/blog\/wp-json\/wp\/v2\/posts\/38\/revisions\/41"}],"wp:featuredmedia":[{"embeddable":true,"href":"https:\/\/www.comapeacessorios.com.br\/blog\/wp-json\/wp\/v2\/media\/39"}],"wp:attachment":[{"href":"https:\/\/www.comapeacessorios.com.br\/blog\/wp-json\/wp\/v2\/media?parent=38"}],"wp:term":[{"taxonomy":"category","embeddable":true,"href":"https:\/\/www.comapeacessorios.com.br\/blog\/wp-json\/wp\/v2\/categories?post=38"},{"taxonomy":"post_tag","embeddable":true,"href":"https:\/\/www.comapeacessorios.com.br\/blog\/wp-json\/wp\/v2\/tags?post=38"}],"curies":[{"name":"wp","href":"https:\/\/api.w.org\/{rel}","templated":true}]}}